{"id":2573,"date":"2026-04-27T10:15:36","date_gmt":"2026-04-27T16:15:36","guid":{"rendered":"https:\/\/redveganasantiespecistas.com\/?p=2573"},"modified":"2026-04-27T10:28:55","modified_gmt":"2026-04-27T16:28:55","slug":"no-al-asesinato-de-los-hipopotamos","status":"publish","type":"post","link":"https:\/\/redveganasantiespecistas.com\/index.php\/2026\/04\/27\/no-al-asesinato-de-los-hipopotamos\/","title":{"rendered":"\u00a1No al asesinato de los hipop\u00f3tamos!"},"content":{"rendered":"<p>[et_pb_section fb_built=\u00bb1&#8243; admin_label=\u00bbsection\u00bb _builder_version=\u00bb4.16&#8243; global_colors_info=\u00bb{}\u00bb theme_builder_area=\u00bbpost_content\u00bb custom_padding=\u00bb1px|||||\u00bb][et_pb_row admin_label=\u00bbrow\u00bb _builder_version=\u00bb4.16&#8243; background_size=\u00bbinitial\u00bb background_position=\u00bbtop_left\u00bb background_repeat=\u00bbrepeat\u00bb global_colors_info=\u00bb{}\u00bb theme_builder_area=\u00bbpost_content\u00bb custom_margin=\u00bb|auto|-6px|auto||\u00bb][et_pb_column type=\u00bb4_4&#8243; _builder_version=\u00bb4.16&#8243; custom_padding=\u00bb|||\u00bb global_colors_info=\u00bb{}\u00bb custom_padding__hover=\u00bb|||\u00bb theme_builder_area=\u00bbpost_content\u00bb][et_pb_text admin_label=\u00bbText\u00bb _builder_version=\u00bb4.16&#8243; background_size=\u00bbinitial\u00bb background_position=\u00bbtop_left\u00bb background_repeat=\u00bbrepeat\u00bb global_colors_info=\u00bb{}\u00bb theme_builder_area=\u00bbpost_content\u00bb]<!-- divi:paragraph --><\/p>\n<p>Te invitamos a enviar esta carta a la embajada de Colombia en tu pa\u00eds.<br \/>Puedes ir a dejarla presencialmente o conseguir el correo electr\u00f3nico.<br \/>Revisa bien la carta para que puedas editar y personalizar.<br \/><strong><em>Importante: lo que est\u00e1 en par\u00e9ntesis es lo que debes editar.<\/em><\/strong><\/p>\n<p>&nbsp;<\/p>\n<p><!-- \/divi:buttons -->[\/et_pb_text][\/et_pb_column][\/et_pb_row][et_pb_row _builder_version=\u00bb4.27.5&#8243; _module_preset=\u00bbdefault\u00bb theme_builder_area=\u00bbpost_content\u00bb][et_pb_column _builder_version=\u00bb4.27.5&#8243; _module_preset=\u00bbdefault\u00bb type=\u00bb4_4&#8243; theme_builder_area=\u00bbpost_content\u00bb][et_pb_button button_text=\u00bbDescarga la carta aqu\u00ed\u00bb _builder_version=\u00bb4.27.5&#8243; _module_preset=\u00bbdefault\u00bb theme_builder_area=\u00bbpost_content\u00bb button_url=\u00bbhttps:\/\/redveganasantiespecistas.com\/wp-content\/uploads\/2026\/04\/Carta-Colombia-Final.docx\u00bb hover_enabled=\u00bb0&#8243; sticky_enabled=\u00bb0&#8243; custom_button=\u00bbon\u00bb button_text_color=\u00bb#FFFFFF\u00bb button_bg_color=\u00bb#E02B20&#8243; button_bg_enable_color=\u00bbon\u00bb button_border_width=\u00bb2px\u00bb button_border_radius=\u00bb12px\u00bb][\/et_pb_button][\/et_pb_column][\/et_pb_row][\/et_pb_section]<\/p>\n","protected":false},"excerpt":{"rendered":"<p>Te invitamos a enviar esta carta a la embajada de Colombia en tu pa\u00eds.Puedes ir a dejarla presencialmente o conseguir el correo electr\u00f3nico.Revisa bien la carta para que puedas editar y personalizar.Importante: lo que est\u00e1 en par\u00e9ntesis es lo que debes editar. &nbsp;<\/p>\n","protected":false},"author":1,"featured_media":2574,"comment_status":"open","ping_status":"open","sticky":false,"template":"","format":"standard","meta":{"_et_pb_use_builder":"on","_et_pb_old_content":"<!-- wp:paragraph -->\n<p>Te invitamos a enviar esta carta a la embajada de Colombia en tu pa\u00eds.<br>Puedes ir a dejarla presencialmente o conseguir el correo electr\u00f3nico.<br>Revisa bien la carta para que puedas editar y personalizar.<br><strong><em>Importante: lo que est\u00e1 en par\u00e9ntesis es lo que debes editar<\/em><\/strong><\/p>\n<!-- \/wp:paragraph -->\n\n<!-- wp:buttons {\"layout\":{\"type\":\"flex\"}} -->\n<div class=\"wp-block-buttons\"><!-- wp:button {\"textAlign\":\"left\",\"className\":\"is-style-fill\"} -->\n<div class=\"wp-block-button is-style-fill\"><a class=\"wp-block-button__link has-text-align-left wp-element-button\">Descarga la carta aqu\u00ed<\/a><\/div>\n<!-- \/wp:button --><\/div>\n<!-- \/wp:buttons -->","_et_gb_content_width":"795","footnotes":""},"categories":[49],"tags":[30,92,202,201],"class_list":["post-2573","post","type-post","status-publish","format-standard","has-post-thumbnail","hentry","category-iniciativas","tag-antiespecismo","tag-carta","tag-colombia","tag-hipopotamos"],"yoast_head":"<!-- This site is optimized with the Yoast SEO plugin v27.4 - https:\/\/yoast.com\/product\/yoast-seo-wordpress\/ -->\n<title>\u00a1No al asesinato de los hipop\u00f3tamos! - redveganasantiespecistas.com<\/title>\n<meta name=\"robots\" content=\"index, follow, max-snippet:-1, max-image-preview:large, max-video-preview:-1\" \/>\n<link rel=\"canonical\" href=\"https:\/\/redveganasantiespecistas.com\/index.php\/2026\/04\/27\/no-al-asesinato-de-los-hipopotamos\/\" \/>\n<meta property=\"og:locale\" content=\"es_ES\" \/>\n<meta property=\"og:type\" content=\"article\" \/>\n<meta property=\"og:title\" content=\"\u00a1No al asesinato de los hipop\u00f3tamos! - redveganasantiespecistas.com\" \/>\n<meta property=\"og:description\" content=\"Te invitamos a enviar esta carta a la embajada de Colombia en tu pa\u00eds.Puedes ir a dejarla presencialmente o conseguir el correo electr\u00f3nico.Revisa bien la carta para que puedas editar y personalizar.Importante: lo que est\u00e1 en par\u00e9ntesis es lo que debes editar. &nbsp;\" \/>\n<meta property=\"og:url\" content=\"https:\/\/redveganasantiespecistas.com\/index.php\/2026\/04\/27\/no-al-asesinato-de-los-hipopotamos\/\" \/>\n<meta property=\"og:site_name\" content=\"redveganasantiespecistas.com\" \/>\n<meta property=\"article:published_time\" content=\"2026-04-27T16:15:36+00:00\" \/>\n<meta property=\"article:modified_time\" content=\"2026-04-27T16:28:55+00:00\" \/>\n<meta property=\"og:image\" content=\"https:\/\/redveganasantiespecistas.com\/wp-content\/uploads\/2026\/04\/hipopotamos.jpg\" \/>\n\t<meta property=\"og:image:width\" content=\"920\" \/>\n\t<meta property=\"og:image:height\" content=\"517\" \/>\n\t<meta property=\"og:image:type\" content=\"image\/jpeg\" \/>\n<meta name=\"author\" content=\"Red Veganas Antiespecistas\" \/>\n<meta name=\"twitter:card\" content=\"summary_large_image\" \/>\n<meta name=\"twitter:label1\" content=\"Escrito por\" \/>\n\t<meta name=\"twitter:data1\" content=\"Red Veganas Antiespecistas\" \/>\n\t<meta name=\"twitter:label2\" content=\"Tiempo de lectura\" \/>\n\t<meta name=\"twitter:data2\" content=\"1 minuto\" \/>\n<script type=\"application\/ld+json\" class=\"yoast-schema-graph\">{\"@context\":\"https:\\\/\\\/schema.org\",\"@graph\":[{\"@type\":\"Article\",\"@id\":\"https:\\\/\\\/redveganasantiespecistas.com\\\/index.php\\\/2026\\\/04\\\/27\\\/no-al-asesinato-de-los-hipopotamos\\\/#article\",\"isPartOf\":{\"@id\":\"https:\\\/\\\/redveganasantiespecistas.com\\\/index.php\\\/2026\\\/04\\\/27\\\/no-al-asesinato-de-los-hipopotamos\\\/\"},\"author\":{\"name\":\"Red Veganas Antiespecistas\",\"@id\":\"https:\\\/\\\/redveganasantiespecistas.com\\\/#\\\/schema\\\/person\\\/e537add3dd9cc84c4379b766506a2cdd\"},\"headline\":\"\u00a1No al asesinato de los hipop\u00f3tamos!\",\"datePublished\":\"2026-04-27T16:15:36+00:00\",\"dateModified\":\"2026-04-27T16:28:55+00:00\",\"mainEntityOfPage\":{\"@id\":\"https:\\\/\\\/redveganasantiespecistas.com\\\/index.php\\\/2026\\\/04\\\/27\\\/no-al-asesinato-de-los-hipopotamos\\\/\"},\"wordCount\":259,\"commentCount\":0,\"image\":{\"@id\":\"https:\\\/\\\/redveganasantiespecistas.com\\\/index.php\\\/2026\\\/04\\\/27\\\/no-al-asesinato-de-los-hipopotamos\\\/#primaryimage\"},\"thumbnailUrl\":\"https:\\\/\\\/redveganasantiespecistas.com\\\/wp-content\\\/uploads\\\/2026\\\/04\\\/hipopotamos.jpg\",\"keywords\":[\"antiespecismo\",\"carta\",\"colombia\",\"hipop\u00f3tamos\"],\"articleSection\":[\"Iniciativas\"],\"inLanguage\":\"es\",\"potentialAction\":[{\"@type\":\"CommentAction\",\"name\":\"Comment\",\"target\":[\"https:\\\/\\\/redveganasantiespecistas.com\\\/index.php\\\/2026\\\/04\\\/27\\\/no-al-asesinato-de-los-hipopotamos\\\/#respond\"]}]},{\"@type\":\"WebPage\",\"@id\":\"https:\\\/\\\/redveganasantiespecistas.com\\\/index.php\\\/2026\\\/04\\\/27\\\/no-al-asesinato-de-los-hipopotamos\\\/\",\"url\":\"https:\\\/\\\/redveganasantiespecistas.com\\\/index.php\\\/2026\\\/04\\\/27\\\/no-al-asesinato-de-los-hipopotamos\\\/\",\"name\":\"\u00a1No al asesinato de los hipop\u00f3tamos! - redveganasantiespecistas.com\",\"isPartOf\":{\"@id\":\"https:\\\/\\\/redveganasantiespecistas.com\\\/#website\"},\"primaryImageOfPage\":{\"@id\":\"https:\\\/\\\/redveganasantiespecistas.com\\\/index.php\\\/2026\\\/04\\\/27\\\/no-al-asesinato-de-los-hipopotamos\\\/#primaryimage\"},\"image\":{\"@id\":\"https:\\\/\\\/redveganasantiespecistas.com\\\/index.php\\\/2026\\\/04\\\/27\\\/no-al-asesinato-de-los-hipopotamos\\\/#primaryimage\"},\"thumbnailUrl\":\"https:\\\/\\\/redveganasantiespecistas.com\\\/wp-content\\\/uploads\\\/2026\\\/04\\\/hipopotamos.jpg\",\"datePublished\":\"2026-04-27T16:15:36+00:00\",\"dateModified\":\"2026-04-27T16:28:55+00:00\",\"author\":{\"@id\":\"https:\\\/\\\/redveganasantiespecistas.com\\\/#\\\/schema\\\/person\\\/e537add3dd9cc84c4379b766506a2cdd\"},\"breadcrumb\":{\"@id\":\"https:\\\/\\\/redveganasantiespecistas.com\\\/index.php\\\/2026\\\/04\\\/27\\\/no-al-asesinato-de-los-hipopotamos\\\/#breadcrumb\"},\"inLanguage\":\"es\",\"potentialAction\":[{\"@type\":\"ReadAction\",\"target\":[\"https:\\\/\\\/redveganasantiespecistas.com\\\/index.php\\\/2026\\\/04\\\/27\\\/no-al-asesinato-de-los-hipopotamos\\\/\"]}]},{\"@type\":\"ImageObject\",\"inLanguage\":\"es\",\"@id\":\"https:\\\/\\\/redveganasantiespecistas.com\\\/index.php\\\/2026\\\/04\\\/27\\\/no-al-asesinato-de-los-hipopotamos\\\/#primaryimage\",\"url\":\"https:\\\/\\\/redveganasantiespecistas.com\\\/wp-content\\\/uploads\\\/2026\\\/04\\\/hipopotamos.jpg\",\"contentUrl\":\"https:\\\/\\\/redveganasantiespecistas.com\\\/wp-content\\\/uploads\\\/2026\\\/04\\\/hipopotamos.jpg\",\"width\":920,\"height\":517},{\"@type\":\"BreadcrumbList\",\"@id\":\"https:\\\/\\\/redveganasantiespecistas.com\\\/index.php\\\/2026\\\/04\\\/27\\\/no-al-asesinato-de-los-hipopotamos\\\/#breadcrumb\",\"itemListElement\":[{\"@type\":\"ListItem\",\"position\":1,\"name\":\"Inicio\",\"item\":\"https:\\\/\\\/redveganasantiespecistas.com\\\/\"},{\"@type\":\"ListItem\",\"position\":2,\"name\":\"\u00a1No al asesinato de los hipop\u00f3tamos!\"}]},{\"@type\":\"WebSite\",\"@id\":\"https:\\\/\\\/redveganasantiespecistas.com\\\/#website\",\"url\":\"https:\\\/\\\/redveganasantiespecistas.com\\\/\",\"name\":\"redveganasantiespecistas.com\",\"description\":\"Trabajamos juntas para acabar con el especismo\",\"potentialAction\":[{\"@type\":\"SearchAction\",\"target\":{\"@type\":\"EntryPoint\",\"urlTemplate\":\"https:\\\/\\\/redveganasantiespecistas.com\\\/?s={search_term_string}\"},\"query-input\":{\"@type\":\"PropertyValueSpecification\",\"valueRequired\":true,\"valueName\":\"search_term_string\"}}],\"inLanguage\":\"es\"},{\"@type\":\"Person\",\"@id\":\"https:\\\/\\\/redveganasantiespecistas.com\\\/#\\\/schema\\\/person\\\/e537add3dd9cc84c4379b766506a2cdd\",\"name\":\"Red Veganas Antiespecistas\",\"image\":{\"@type\":\"ImageObject\",\"inLanguage\":\"es\",\"@id\":\"https:\\\/\\\/secure.gravatar.com\\\/avatar\\\/1a1b8bd9f67b294c727c4556a01a152c3486c2310e4e72b0e550109d8355f05b?s=96&d=mm&r=g\",\"url\":\"https:\\\/\\\/secure.gravatar.com\\\/avatar\\\/1a1b8bd9f67b294c727c4556a01a152c3486c2310e4e72b0e550109d8355f05b?s=96&d=mm&r=g\",\"contentUrl\":\"https:\\\/\\\/secure.gravatar.com\\\/avatar\\\/1a1b8bd9f67b294c727c4556a01a152c3486c2310e4e72b0e550109d8355f05b?s=96&d=mm&r=g\",\"caption\":\"Red Veganas Antiespecistas\"},\"sameAs\":[\"http:\\\/\\\/redveganasantiespecistas.com\"],\"url\":\"https:\\\/\\\/redveganasantiespecistas.com\\\/index.php\\\/author\\\/painandsuffergmail-com\\\/\"}]}<\/script>\n<!-- \/ Yoast SEO plugin. -->","yoast_head_json":{"title":"\u00a1No al asesinato de los hipop\u00f3tamos! - redveganasantiespecistas.com","robots":{"index":"index","follow":"follow","max-snippet":"max-snippet:-1","max-image-preview":"max-image-preview:large","max-video-preview":"max-video-preview:-1"},"canonical":"https:\/\/redveganasantiespecistas.com\/index.php\/2026\/04\/27\/no-al-asesinato-de-los-hipopotamos\/","og_locale":"es_ES","og_type":"article","og_title":"\u00a1No al asesinato de los hipop\u00f3tamos! - redveganasantiespecistas.com","og_description":"Te invitamos a enviar esta carta a la embajada de Colombia en tu pa\u00eds.Puedes ir a dejarla presencialmente o conseguir el correo electr\u00f3nico.Revisa bien la carta para que puedas editar y personalizar.Importante: lo que est\u00e1 en par\u00e9ntesis es lo que debes editar. &nbsp;","og_url":"https:\/\/redveganasantiespecistas.com\/index.php\/2026\/04\/27\/no-al-asesinato-de-los-hipopotamos\/","og_site_name":"redveganasantiespecistas.com","article_published_time":"2026-04-27T16:15:36+00:00","article_modified_time":"2026-04-27T16:28:55+00:00","og_image":[{"width":920,"height":517,"url":"https:\/\/redveganasantiespecistas.com\/wp-content\/uploads\/2026\/04\/hipopotamos.jpg","type":"image\/jpeg"}],"author":"Red Veganas Antiespecistas","twitter_card":"summary_large_image","twitter_misc":{"Escrito por":"Red Veganas Antiespecistas","Tiempo de lectura":"1 minuto"},"schema":{"@context":"https:\/\/schema.org","@graph":[{"@type":"Article","@id":"https:\/\/redveganasantiespecistas.com\/index.php\/2026\/04\/27\/no-al-asesinato-de-los-hipopotamos\/#article","isPartOf":{"@id":"https:\/\/redveganasantiespecistas.com\/index.php\/2026\/04\/27\/no-al-asesinato-de-los-hipopotamos\/"},"author":{"name":"Red Veganas Antiespecistas","@id":"https:\/\/redveganasantiespecistas.com\/#\/schema\/person\/e537add3dd9cc84c4379b766506a2cdd"},"headline":"\u00a1No al asesinato de los hipop\u00f3tamos!","datePublished":"2026-04-27T16:15:36+00:00","dateModified":"2026-04-27T16:28:55+00:00","mainEntityOfPage":{"@id":"https:\/\/redveganasantiespecistas.com\/index.php\/2026\/04\/27\/no-al-asesinato-de-los-hipopotamos\/"},"wordCount":259,"commentCount":0,"image":{"@id":"https:\/\/redveganasantiespecistas.com\/index.php\/2026\/04\/27\/no-al-asesinato-de-los-hipopotamos\/#primaryimage"},"thumbnailUrl":"https:\/\/redveganasantiespecistas.com\/wp-content\/uploads\/2026\/04\/hipopotamos.jpg","keywords":["antiespecismo","carta","colombia","hipop\u00f3tamos"],"articleSection":["Iniciativas"],"inLanguage":"es","potentialAction":[{"@type":"CommentAction","name":"Comment","target":["https:\/\/redveganasantiespecistas.com\/index.php\/2026\/04\/27\/no-al-asesinato-de-los-hipopotamos\/#respond"]}]},{"@type":"WebPage","@id":"https:\/\/redveganasantiespecistas.com\/index.php\/2026\/04\/27\/no-al-asesinato-de-los-hipopotamos\/","url":"https:\/\/redveganasantiespecistas.com\/index.php\/2026\/04\/27\/no-al-asesinato-de-los-hipopotamos\/","name":"\u00a1No al asesinato de los hipop\u00f3tamos! - redveganasantiespecistas.com","isPartOf":{"@id":"https:\/\/redveganasantiespecistas.com\/#website"},"primaryImageOfPage":{"@id":"https:\/\/redveganasantiespecistas.com\/index.php\/2026\/04\/27\/no-al-asesinato-de-los-hipopotamos\/#primaryimage"},"image":{"@id":"https:\/\/redveganasantiespecistas.com\/index.php\/2026\/04\/27\/no-al-asesinato-de-los-hipopotamos\/#primaryimage"},"thumbnailUrl":"https:\/\/redveganasantiespecistas.com\/wp-content\/uploads\/2026\/04\/hipopotamos.jpg","datePublished":"2026-04-27T16:15:36+00:00","dateModified":"2026-04-27T16:28:55+00:00","author":{"@id":"https:\/\/redveganasantiespecistas.com\/#\/schema\/person\/e537add3dd9cc84c4379b766506a2cdd"},"breadcrumb":{"@id":"https:\/\/redveganasantiespecistas.com\/index.php\/2026\/04\/27\/no-al-asesinato-de-los-hipopotamos\/#breadcrumb"},"inLanguage":"es","potentialAction":[{"@type":"ReadAction","target":["https:\/\/redveganasantiespecistas.com\/index.php\/2026\/04\/27\/no-al-asesinato-de-los-hipopotamos\/"]}]},{"@type":"ImageObject","inLanguage":"es","@id":"https:\/\/redveganasantiespecistas.com\/index.php\/2026\/04\/27\/no-al-asesinato-de-los-hipopotamos\/#primaryimage","url":"https:\/\/redveganasantiespecistas.com\/wp-content\/uploads\/2026\/04\/hipopotamos.jpg","contentUrl":"https:\/\/redveganasantiespecistas.com\/wp-content\/uploads\/2026\/04\/hipopotamos.jpg","width":920,"height":517},{"@type":"BreadcrumbList","@id":"https:\/\/redveganasantiespecistas.com\/index.php\/2026\/04\/27\/no-al-asesinato-de-los-hipopotamos\/#breadcrumb","itemListElement":[{"@type":"ListItem","position":1,"name":"Inicio","item":"https:\/\/redveganasantiespecistas.com\/"},{"@type":"ListItem","position":2,"name":"\u00a1No al asesinato de los hipop\u00f3tamos!"}]},{"@type":"WebSite","@id":"https:\/\/redveganasantiespecistas.com\/#website","url":"https:\/\/redveganasantiespecistas.com\/","name":"redveganasantiespecistas.com","description":"Trabajamos juntas para acabar con el especismo","potentialAction":[{"@type":"SearchAction","target":{"@type":"EntryPoint","urlTemplate":"https:\/\/redveganasantiespecistas.com\/?s={search_term_string}"},"query-input":{"@type":"PropertyValueSpecification","valueRequired":true,"valueName":"search_term_string"}}],"inLanguage":"es"},{"@type":"Person","@id":"https:\/\/redveganasantiespecistas.com\/#\/schema\/person\/e537add3dd9cc84c4379b766506a2cdd","name":"Red Veganas Antiespecistas","image":{"@type":"ImageObject","inLanguage":"es","@id":"https:\/\/secure.gravatar.com\/avatar\/1a1b8bd9f67b294c727c4556a01a152c3486c2310e4e72b0e550109d8355f05b?s=96&d=mm&r=g","url":"https:\/\/secure.gravatar.com\/avatar\/1a1b8bd9f67b294c727c4556a01a152c3486c2310e4e72b0e550109d8355f05b?s=96&d=mm&r=g","contentUrl":"https:\/\/secure.gravatar.com\/avatar\/1a1b8bd9f67b294c727c4556a01a152c3486c2310e4e72b0e550109d8355f05b?s=96&d=mm&r=g","caption":"Red Veganas Antiespecistas"},"sameAs":["http:\/\/redveganasantiespecistas.com"],"url":"https:\/\/redveganasantiespecistas.com\/index.php\/author\/painandsuffergmail-com\/"}]}},"_links":{"self":[{"href":"https:\/\/redveganasantiespecistas.com\/index.php\/wp-json\/wp\/v2\/posts\/2573","targetHints":{"allow":["GET"]}}],"collection":[{"href":"https:\/\/redveganasantiespecistas.com\/index.php\/wp-json\/wp\/v2\/posts"}],"about":[{"href":"https:\/\/redveganasantiespecistas.com\/index.php\/wp-json\/wp\/v2\/types\/post"}],"author":[{"embeddable":true,"href":"https:\/\/redveganasantiespecistas.com\/index.php\/wp-json\/wp\/v2\/users\/1"}],"replies":[{"embeddable":true,"href":"https:\/\/redveganasantiespecistas.com\/index.php\/wp-json\/wp\/v2\/comments?post=2573"}],"version-history":[{"count":5,"href":"https:\/\/redveganasantiespecistas.com\/index.php\/wp-json\/wp\/v2\/posts\/2573\/revisions"}],"predecessor-version":[{"id":2582,"href":"https:\/\/redveganasantiespecistas.com\/index.php\/wp-json\/wp\/v2\/posts\/2573\/revisions\/2582"}],"wp:featuredmedia":[{"embeddable":true,"href":"https:\/\/redveganasantiespecistas.com\/index.php\/wp-json\/wp\/v2\/media\/2574"}],"wp:attachment":[{"href":"https:\/\/redveganasantiespecistas.com\/index.php\/wp-json\/wp\/v2\/media?parent=2573"}],"wp:term":[{"taxonomy":"category","embeddable":true,"href":"https:\/\/redveganasantiespecistas.com\/index.php\/wp-json\/wp\/v2\/categories?post=2573"},{"taxonomy":"post_tag","embeddable":true,"href":"https:\/\/redveganasantiespecistas.com\/index.php\/wp-json\/wp\/v2\/tags?post=2573"}],"curies":[{"name":"wp","href":"https:\/\/api.w.org\/{rel}","templated":true}]}}