{"id":1501,"date":"2024-10-31T12:13:37","date_gmt":"2024-10-31T18:13:37","guid":{"rendered":"https:\/\/redveganasantiespecistas.com\/?p=1501"},"modified":"2024-10-31T21:33:51","modified_gmt":"2024-11-01T03:33:51","slug":"cronicas-antiespecistas-31-oct-24","status":"publish","type":"post","link":"https:\/\/redveganasantiespecistas.com\/index.php\/2024\/10\/31\/cronicas-antiespecistas-31-oct-24\/","title":{"rendered":"Cr\u00f3nicas Antiespecistas 31 oct 24"},"content":{"rendered":"\n<h2 class=\"wp-block-heading\">Por Pat Hryb<\/h2>\n\n\n\n<p><strong>AHORA<\/strong><\/p>\n\n\n\n<p>Lo que siento, ahora mismo, en este instante, es la libertad de los p\u00e1jaros y mi libertad. \u00bfY el resto? Un bosque. No quiero pensar nada m\u00e1s para no ponerme triste o con mucha bronca. Necesito\u2026 necesito urgentemente un acto de amor, un acto que manifieste toda la bondad del mundo. Yo no s\u00e9 c\u00f3mo se hace, pero s\u00e9 una cosa: el camino est\u00e1 en el coraz\u00f3n. Y el coraz\u00f3n es fuerte&#8230;<\/p>\n\n\n\n<div class=\"wp-block-blockspare-blockspare-empty-section blockspare-8bfa1aec-89b4-4 blockspare-blocks blockspare-empty-section-wrapper\" blockspare-animation=\"\"><style>.blockspare-8bfa1aec-89b4-4 .blockspare-emptysection{height:10px;width:100%;background-color:#f9f9f9}<\/style><div class=\"blockspare-emptysection blockspare-hover-item\"><\/div><\/div>\n","protected":false},"excerpt":{"rendered":"<p>Lo que siento, ahora mismo, en este instante, es la libertad de los p\u00e1jaros y mi libertad. \u00bfY el resto? Un bosque.<\/p>\n","protected":false},"author":3,"featured_media":1502,"comment_status":"open","ping_status":"open","sticky":false,"template":"","format":"standard","meta":{"_et_pb_use_builder":"off","_et_pb_old_content":"","_et_gb_content_width":"","footnotes":""},"categories":[3],"tags":[42,32,39,30,15],"class_list":["post-1501","post","type-post","status-publish","format-standard","has-post-thumbnail","hentry","category-novedades","tag-animales","tag-antiespecismo-2","tag-veganismo-2","tag-antiespecismo","tag-especismo"],"yoast_head":"<!-- This site is optimized with the Yoast SEO plugin v27.4 - https:\/\/yoast.com\/product\/yoast-seo-wordpress\/ -->\n<title>Cr\u00f3nicas Antiespecistas 31 oct 24 - redveganasantiespecistas.com<\/title>\n<meta name=\"robots\" content=\"index, follow, max-snippet:-1, max-image-preview:large, max-video-preview:-1\" \/>\n<link rel=\"canonical\" href=\"https:\/\/redveganasantiespecistas.com\/index.php\/2024\/10\/31\/cronicas-antiespecistas-31-oct-24\/\" \/>\n<meta property=\"og:locale\" content=\"es_ES\" \/>\n<meta property=\"og:type\" content=\"article\" \/>\n<meta property=\"og:title\" content=\"Cr\u00f3nicas Antiespecistas 31 oct 24 - redveganasantiespecistas.com\" \/>\n<meta property=\"og:description\" content=\"Lo que siento, ahora mismo, en este instante, es la libertad de los p\u00e1jaros y mi libertad. \u00bfY el resto? Un bosque.\" \/>\n<meta property=\"og:url\" content=\"https:\/\/redveganasantiespecistas.com\/index.php\/2024\/10\/31\/cronicas-antiespecistas-31-oct-24\/\" \/>\n<meta property=\"og:site_name\" content=\"redveganasantiespecistas.com\" \/>\n<meta property=\"article:published_time\" content=\"2024-10-31T18:13:37+00:00\" \/>\n<meta property=\"article:modified_time\" content=\"2024-11-01T03:33:51+00:00\" \/>\n<meta property=\"og:image\" content=\"https:\/\/redveganasantiespecistas.com\/wp-content\/uploads\/2024\/10\/Paty-1.jpeg\" \/>\n\t<meta property=\"og:image:width\" content=\"1224\" \/>\n\t<meta property=\"og:image:height\" content=\"860\" \/>\n\t<meta property=\"og:image:type\" content=\"image\/jpeg\" \/>\n<meta name=\"author\" content=\"Aida Jim\u00e9nez\" \/>\n<meta name=\"twitter:card\" content=\"summary_large_image\" \/>\n<meta name=\"twitter:image\" content=\"https:\/\/redveganasantiespecistas.com\/wp-content\/uploads\/2024\/10\/Paty-1.jpeg\" \/>\n<meta name=\"twitter:label1\" content=\"Escrito por\" \/>\n\t<meta name=\"twitter:data1\" content=\"Aida Jim\u00e9nez\" \/>\n\t<meta name=\"twitter:label2\" content=\"Tiempo de lectura\" \/>\n\t<meta name=\"twitter:data2\" content=\"1 minuto\" \/>\n<script type=\"application\/ld+json\" class=\"yoast-schema-graph\">{\"@context\":\"https:\\\/\\\/schema.org\",\"@graph\":[{\"@type\":\"Article\",\"@id\":\"https:\\\/\\\/redveganasantiespecistas.com\\\/index.php\\\/2024\\\/10\\\/31\\\/cronicas-antiespecistas-31-oct-24\\\/#article\",\"isPartOf\":{\"@id\":\"https:\\\/\\\/redveganasantiespecistas.com\\\/index.php\\\/2024\\\/10\\\/31\\\/cronicas-antiespecistas-31-oct-24\\\/\"},\"author\":{\"name\":\"Aida Jim\u00e9nez\",\"@id\":\"https:\\\/\\\/redveganasantiespecistas.com\\\/#\\\/schema\\\/person\\\/05c7c05085ed6b398342a721819534fc\"},\"headline\":\"Cr\u00f3nicas Antiespecistas 31 oct 24\",\"datePublished\":\"2024-10-31T18:13:37+00:00\",\"dateModified\":\"2024-11-01T03:33:51+00:00\",\"mainEntityOfPage\":{\"@id\":\"https:\\\/\\\/redveganasantiespecistas.com\\\/index.php\\\/2024\\\/10\\\/31\\\/cronicas-antiespecistas-31-oct-24\\\/\"},\"wordCount\":85,\"commentCount\":0,\"image\":{\"@id\":\"https:\\\/\\\/redveganasantiespecistas.com\\\/index.php\\\/2024\\\/10\\\/31\\\/cronicas-antiespecistas-31-oct-24\\\/#primaryimage\"},\"thumbnailUrl\":\"https:\\\/\\\/redveganasantiespecistas.com\\\/wp-content\\\/uploads\\\/2024\\\/10\\\/Paty-1.jpeg\",\"keywords\":[\"#animales\",\"#antiespecismo\",\"#veganismo\",\"antiespecismo\",\"especismo\"],\"articleSection\":[\"Novedades\"],\"inLanguage\":\"es\",\"potentialAction\":[{\"@type\":\"CommentAction\",\"name\":\"Comment\",\"target\":[\"https:\\\/\\\/redveganasantiespecistas.com\\\/index.php\\\/2024\\\/10\\\/31\\\/cronicas-antiespecistas-31-oct-24\\\/#respond\"]}]},{\"@type\":\"WebPage\",\"@id\":\"https:\\\/\\\/redveganasantiespecistas.com\\\/index.php\\\/2024\\\/10\\\/31\\\/cronicas-antiespecistas-31-oct-24\\\/\",\"url\":\"https:\\\/\\\/redveganasantiespecistas.com\\\/index.php\\\/2024\\\/10\\\/31\\\/cronicas-antiespecistas-31-oct-24\\\/\",\"name\":\"Cr\u00f3nicas Antiespecistas 31 oct 24 - redveganasantiespecistas.com\",\"isPartOf\":{\"@id\":\"https:\\\/\\\/redveganasantiespecistas.com\\\/#website\"},\"primaryImageOfPage\":{\"@id\":\"https:\\\/\\\/redveganasantiespecistas.com\\\/index.php\\\/2024\\\/10\\\/31\\\/cronicas-antiespecistas-31-oct-24\\\/#primaryimage\"},\"image\":{\"@id\":\"https:\\\/\\\/redveganasantiespecistas.com\\\/index.php\\\/2024\\\/10\\\/31\\\/cronicas-antiespecistas-31-oct-24\\\/#primaryimage\"},\"thumbnailUrl\":\"https:\\\/\\\/redveganasantiespecistas.com\\\/wp-content\\\/uploads\\\/2024\\\/10\\\/Paty-1.jpeg\",\"datePublished\":\"2024-10-31T18:13:37+00:00\",\"dateModified\":\"2024-11-01T03:33:51+00:00\",\"author\":{\"@id\":\"https:\\\/\\\/redveganasantiespecistas.com\\\/#\\\/schema\\\/person\\\/05c7c05085ed6b398342a721819534fc\"},\"breadcrumb\":{\"@id\":\"https:\\\/\\\/redveganasantiespecistas.com\\\/index.php\\\/2024\\\/10\\\/31\\\/cronicas-antiespecistas-31-oct-24\\\/#breadcrumb\"},\"inLanguage\":\"es\",\"potentialAction\":[{\"@type\":\"ReadAction\",\"target\":[\"https:\\\/\\\/redveganasantiespecistas.com\\\/index.php\\\/2024\\\/10\\\/31\\\/cronicas-antiespecistas-31-oct-24\\\/\"]}]},{\"@type\":\"ImageObject\",\"inLanguage\":\"es\",\"@id\":\"https:\\\/\\\/redveganasantiespecistas.com\\\/index.php\\\/2024\\\/10\\\/31\\\/cronicas-antiespecistas-31-oct-24\\\/#primaryimage\",\"url\":\"https:\\\/\\\/redveganasantiespecistas.com\\\/wp-content\\\/uploads\\\/2024\\\/10\\\/Paty-1.jpeg\",\"contentUrl\":\"https:\\\/\\\/redveganasantiespecistas.com\\\/wp-content\\\/uploads\\\/2024\\\/10\\\/Paty-1.jpeg\",\"width\":1224,\"height\":860},{\"@type\":\"BreadcrumbList\",\"@id\":\"https:\\\/\\\/redveganasantiespecistas.com\\\/index.php\\\/2024\\\/10\\\/31\\\/cronicas-antiespecistas-31-oct-24\\\/#breadcrumb\",\"itemListElement\":[{\"@type\":\"ListItem\",\"position\":1,\"name\":\"Inicio\",\"item\":\"https:\\\/\\\/redveganasantiespecistas.com\\\/\"},{\"@type\":\"ListItem\",\"position\":2,\"name\":\"Cr\u00f3nicas Antiespecistas 31 oct 24\"}]},{\"@type\":\"WebSite\",\"@id\":\"https:\\\/\\\/redveganasantiespecistas.com\\\/#website\",\"url\":\"https:\\\/\\\/redveganasantiespecistas.com\\\/\",\"name\":\"redveganasantiespecistas.com\",\"description\":\"Trabajamos juntas para acabar con el especismo\",\"potentialAction\":[{\"@type\":\"SearchAction\",\"target\":{\"@type\":\"EntryPoint\",\"urlTemplate\":\"https:\\\/\\\/redveganasantiespecistas.com\\\/?s={search_term_string}\"},\"query-input\":{\"@type\":\"PropertyValueSpecification\",\"valueRequired\":true,\"valueName\":\"search_term_string\"}}],\"inLanguage\":\"es\"},{\"@type\":\"Person\",\"@id\":\"https:\\\/\\\/redveganasantiespecistas.com\\\/#\\\/schema\\\/person\\\/05c7c05085ed6b398342a721819534fc\",\"name\":\"Aida Jim\u00e9nez\",\"image\":{\"@type\":\"ImageObject\",\"inLanguage\":\"es\",\"@id\":\"https:\\\/\\\/secure.gravatar.com\\\/avatar\\\/d457a1f32b82b1ed8b5e75965902b1dd3a3b9051603c508833dc2d43530afcef?s=96&d=mm&r=g\",\"url\":\"https:\\\/\\\/secure.gravatar.com\\\/avatar\\\/d457a1f32b82b1ed8b5e75965902b1dd3a3b9051603c508833dc2d43530afcef?s=96&d=mm&r=g\",\"contentUrl\":\"https:\\\/\\\/secure.gravatar.com\\\/avatar\\\/d457a1f32b82b1ed8b5e75965902b1dd3a3b9051603c508833dc2d43530afcef?s=96&d=mm&r=g\",\"caption\":\"Aida Jim\u00e9nez\"},\"url\":\"https:\\\/\\\/redveganasantiespecistas.com\\\/index.php\\\/author\\\/aida\\\/\"}]}<\/script>\n<!-- \/ Yoast SEO plugin. -->","yoast_head_json":{"title":"Cr\u00f3nicas Antiespecistas 31 oct 24 - redveganasantiespecistas.com","robots":{"index":"index","follow":"follow","max-snippet":"max-snippet:-1","max-image-preview":"max-image-preview:large","max-video-preview":"max-video-preview:-1"},"canonical":"https:\/\/redveganasantiespecistas.com\/index.php\/2024\/10\/31\/cronicas-antiespecistas-31-oct-24\/","og_locale":"es_ES","og_type":"article","og_title":"Cr\u00f3nicas Antiespecistas 31 oct 24 - redveganasantiespecistas.com","og_description":"Lo que siento, ahora mismo, en este instante, es la libertad de los p\u00e1jaros y mi libertad. \u00bfY el resto? Un bosque.","og_url":"https:\/\/redveganasantiespecistas.com\/index.php\/2024\/10\/31\/cronicas-antiespecistas-31-oct-24\/","og_site_name":"redveganasantiespecistas.com","article_published_time":"2024-10-31T18:13:37+00:00","article_modified_time":"2024-11-01T03:33:51+00:00","og_image":[{"width":1224,"height":860,"url":"https:\/\/redveganasantiespecistas.com\/wp-content\/uploads\/2024\/10\/Paty-1.jpeg","type":"image\/jpeg"}],"author":"Aida Jim\u00e9nez","twitter_card":"summary_large_image","twitter_image":"https:\/\/redveganasantiespecistas.com\/wp-content\/uploads\/2024\/10\/Paty-1.jpeg","twitter_misc":{"Escrito por":"Aida Jim\u00e9nez","Tiempo de lectura":"1 minuto"},"schema":{"@context":"https:\/\/schema.org","@graph":[{"@type":"Article","@id":"https:\/\/redveganasantiespecistas.com\/index.php\/2024\/10\/31\/cronicas-antiespecistas-31-oct-24\/#article","isPartOf":{"@id":"https:\/\/redveganasantiespecistas.com\/index.php\/2024\/10\/31\/cronicas-antiespecistas-31-oct-24\/"},"author":{"name":"Aida Jim\u00e9nez","@id":"https:\/\/redveganasantiespecistas.com\/#\/schema\/person\/05c7c05085ed6b398342a721819534fc"},"headline":"Cr\u00f3nicas Antiespecistas 31 oct 24","datePublished":"2024-10-31T18:13:37+00:00","dateModified":"2024-11-01T03:33:51+00:00","mainEntityOfPage":{"@id":"https:\/\/redveganasantiespecistas.com\/index.php\/2024\/10\/31\/cronicas-antiespecistas-31-oct-24\/"},"wordCount":85,"commentCount":0,"image":{"@id":"https:\/\/redveganasantiespecistas.com\/index.php\/2024\/10\/31\/cronicas-antiespecistas-31-oct-24\/#primaryimage"},"thumbnailUrl":"https:\/\/redveganasantiespecistas.com\/wp-content\/uploads\/2024\/10\/Paty-1.jpeg","keywords":["#animales","#antiespecismo","#veganismo","antiespecismo","especismo"],"articleSection":["Novedades"],"inLanguage":"es","potentialAction":[{"@type":"CommentAction","name":"Comment","target":["https:\/\/redveganasantiespecistas.com\/index.php\/2024\/10\/31\/cronicas-antiespecistas-31-oct-24\/#respond"]}]},{"@type":"WebPage","@id":"https:\/\/redveganasantiespecistas.com\/index.php\/2024\/10\/31\/cronicas-antiespecistas-31-oct-24\/","url":"https:\/\/redveganasantiespecistas.com\/index.php\/2024\/10\/31\/cronicas-antiespecistas-31-oct-24\/","name":"Cr\u00f3nicas Antiespecistas 31 oct 24 - redveganasantiespecistas.com","isPartOf":{"@id":"https:\/\/redveganasantiespecistas.com\/#website"},"primaryImageOfPage":{"@id":"https:\/\/redveganasantiespecistas.com\/index.php\/2024\/10\/31\/cronicas-antiespecistas-31-oct-24\/#primaryimage"},"image":{"@id":"https:\/\/redveganasantiespecistas.com\/index.php\/2024\/10\/31\/cronicas-antiespecistas-31-oct-24\/#primaryimage"},"thumbnailUrl":"https:\/\/redveganasantiespecistas.com\/wp-content\/uploads\/2024\/10\/Paty-1.jpeg","datePublished":"2024-10-31T18:13:37+00:00","dateModified":"2024-11-01T03:33:51+00:00","author":{"@id":"https:\/\/redveganasantiespecistas.com\/#\/schema\/person\/05c7c05085ed6b398342a721819534fc"},"breadcrumb":{"@id":"https:\/\/redveganasantiespecistas.com\/index.php\/2024\/10\/31\/cronicas-antiespecistas-31-oct-24\/#breadcrumb"},"inLanguage":"es","potentialAction":[{"@type":"ReadAction","target":["https:\/\/redveganasantiespecistas.com\/index.php\/2024\/10\/31\/cronicas-antiespecistas-31-oct-24\/"]}]},{"@type":"ImageObject","inLanguage":"es","@id":"https:\/\/redveganasantiespecistas.com\/index.php\/2024\/10\/31\/cronicas-antiespecistas-31-oct-24\/#primaryimage","url":"https:\/\/redveganasantiespecistas.com\/wp-content\/uploads\/2024\/10\/Paty-1.jpeg","contentUrl":"https:\/\/redveganasantiespecistas.com\/wp-content\/uploads\/2024\/10\/Paty-1.jpeg","width":1224,"height":860},{"@type":"BreadcrumbList","@id":"https:\/\/redveganasantiespecistas.com\/index.php\/2024\/10\/31\/cronicas-antiespecistas-31-oct-24\/#breadcrumb","itemListElement":[{"@type":"ListItem","position":1,"name":"Inicio","item":"https:\/\/redveganasantiespecistas.com\/"},{"@type":"ListItem","position":2,"name":"Cr\u00f3nicas Antiespecistas 31 oct 24"}]},{"@type":"WebSite","@id":"https:\/\/redveganasantiespecistas.com\/#website","url":"https:\/\/redveganasantiespecistas.com\/","name":"redveganasantiespecistas.com","description":"Trabajamos juntas para acabar con el especismo","potentialAction":[{"@type":"SearchAction","target":{"@type":"EntryPoint","urlTemplate":"https:\/\/redveganasantiespecistas.com\/?s={search_term_string}"},"query-input":{"@type":"PropertyValueSpecification","valueRequired":true,"valueName":"search_term_string"}}],"inLanguage":"es"},{"@type":"Person","@id":"https:\/\/redveganasantiespecistas.com\/#\/schema\/person\/05c7c05085ed6b398342a721819534fc","name":"Aida Jim\u00e9nez","image":{"@type":"ImageObject","inLanguage":"es","@id":"https:\/\/secure.gravatar.com\/avatar\/d457a1f32b82b1ed8b5e75965902b1dd3a3b9051603c508833dc2d43530afcef?s=96&d=mm&r=g","url":"https:\/\/secure.gravatar.com\/avatar\/d457a1f32b82b1ed8b5e75965902b1dd3a3b9051603c508833dc2d43530afcef?s=96&d=mm&r=g","contentUrl":"https:\/\/secure.gravatar.com\/avatar\/d457a1f32b82b1ed8b5e75965902b1dd3a3b9051603c508833dc2d43530afcef?s=96&d=mm&r=g","caption":"Aida Jim\u00e9nez"},"url":"https:\/\/redveganasantiespecistas.com\/index.php\/author\/aida\/"}]}},"_links":{"self":[{"href":"https:\/\/redveganasantiespecistas.com\/index.php\/wp-json\/wp\/v2\/posts\/1501","targetHints":{"allow":["GET"]}}],"collection":[{"href":"https:\/\/redveganasantiespecistas.com\/index.php\/wp-json\/wp\/v2\/posts"}],"about":[{"href":"https:\/\/redveganasantiespecistas.com\/index.php\/wp-json\/wp\/v2\/types\/post"}],"author":[{"embeddable":true,"href":"https:\/\/redveganasantiespecistas.com\/index.php\/wp-json\/wp\/v2\/users\/3"}],"replies":[{"embeddable":true,"href":"https:\/\/redveganasantiespecistas.com\/index.php\/wp-json\/wp\/v2\/comments?post=1501"}],"version-history":[{"count":4,"href":"https:\/\/redveganasantiespecistas.com\/index.php\/wp-json\/wp\/v2\/posts\/1501\/revisions"}],"predecessor-version":[{"id":1560,"href":"https:\/\/redveganasantiespecistas.com\/index.php\/wp-json\/wp\/v2\/posts\/1501\/revisions\/1560"}],"wp:featuredmedia":[{"embeddable":true,"href":"https:\/\/redveganasantiespecistas.com\/index.php\/wp-json\/wp\/v2\/media\/1502"}],"wp:attachment":[{"href":"https:\/\/redveganasantiespecistas.com\/index.php\/wp-json\/wp\/v2\/media?parent=1501"}],"wp:term":[{"taxonomy":"category","embeddable":true,"href":"https:\/\/redveganasantiespecistas.com\/index.php\/wp-json\/wp\/v2\/categories?post=1501"},{"taxonomy":"post_tag","embeddable":true,"href":"https:\/\/redveganasantiespecistas.com\/index.php\/wp-json\/wp\/v2\/tags?post=1501"}],"curies":[{"name":"wp","href":"https:\/\/api.w.org\/{rel}","templated":true}]}}